{"id":5594,"date":"2026-03-04T09:45:50","date_gmt":"2026-03-04T09:45:50","guid":{"rendered":"https:\/\/federacionandaluzadecomunidades.org\/fac\/?p=5594"},"modified":"2026-03-04T09:46:23","modified_gmt":"2026-03-04T09:46:23","slug":"acto-institucional-por-el-dia-de-andalucia-4","status":"publish","type":"post","link":"https:\/\/federacionandaluzadecomunidades.org\/fac\/2026\/03\/04\/acto-institucional-por-el-dia-de-andalucia-4\/","title":{"rendered":"Acto institucional por el D\u00eda de Andaluc\u00eda"},"content":{"rendered":"\n<p>Este pasado s\u00e1bado, 28 de febrero, celebramos el D\u00eda de Andaluc\u00eda con una gran participaci\u00f3n de p\u00fablico en el Centro Castellano y Leon\u00e9s de Catalunya en Barcelona. Contamos con la presencia de Francisco Hidalgo, escritor, pol\u00edtico, periodista y activista, que imparti\u00f3 la conferencia \u00abAndaluc\u00eda, espejo en el que mirarnos\u00bb, y con la actuaci\u00f3n de la Compa\u00f1\u00eda flamenca Alejandro Cabrera. <\/p>\n\n\n\n<p>Muchas gracias como siempre a las autoridades que nos acompa\u00f1aron y a los presentes en tan importante acto para nosotros. En este <a href=\"https:\/\/federacionandaluzadecomunidades.org\/fac\/dia-de-andalucia-2026\/\">enlace <\/a>pod\u00e9is ver la galer\u00eda de fotos completa. <\/p>\n\n\n\n<figure class=\"wp-block-gallery has-nested-images columns-default is-cropped wp-block-gallery-1 is-layout-flex wp-block-gallery-is-layout-flex\">\n<figure data-wp-context=\"{&quot;imageId&quot;:&quot;69f1c71854fa0&quot;}\" data-wp-interactive=\"core\/image\" data-wp-key=\"69f1c71854fa0\" class=\"wp-block-image size-large wp-lightbox-container\"><img loading=\"lazy\" decoding=\"async\" width=\"1024\" height=\"683\" data-wp-class--hide=\"state.isContentHidden\" data-wp-class--show=\"state.isContentVisible\" data-wp-init=\"callbacks.setButtonStyles\" data-wp-on--click=\"actions.showLightbox\" data-wp-on--load=\"callbacks.setButtonStyles\" data-wp-on-window--resize=\"callbacks.setButtonStyles\" data-id=\"5665\" src=\"https:\/\/federacionandaluzadecomunidades.org\/fac\/wp-content\/uploads\/2026\/03\/DSC6394-1024x683.jpg\" alt=\"\" class=\"wp-image-5665\" srcset=\"https:\/\/federacionandaluzadecomunidades.org\/fac\/wp-content\/uploads\/2026\/03\/DSC6394-1024x683.jpg 1024w, https:\/\/federacionandaluzadecomunidades.org\/fac\/wp-content\/uploads\/2026\/03\/DSC6394-300x200.jpg 300w, https:\/\/federacionandaluzadecomunidades.org\/fac\/wp-content\/uploads\/2026\/03\/DSC6394-768x512.jpg 768w, https:\/\/federacionandaluzadecomunidades.org\/fac\/wp-content\/uploads\/2026\/03\/DSC6394-254x169.jpg 254w, https:\/\/federacionandaluzadecomunidades.org\/fac\/wp-content\/uploads\/2026\/03\/DSC6394-210x140.jpg 210w, https:\/\/federacionandaluzadecomunidades.org\/fac\/wp-content\/uploads\/2026\/03\/DSC6394-330x220.jpg 330w, https:\/\/federacionandaluzadecomunidades.org\/fac\/wp-content\/uploads\/2026\/03\/DSC6394-250x167.jpg 250w, https:\/\/federacionandaluzadecomunidades.org\/fac\/wp-content\/uploads\/2026\/03\/DSC6394-600x400.jpg 600w, https:\/\/federacionandaluzadecomunidades.org\/fac\/wp-content\/uploads\/2026\/03\/DSC6394.jpg 1200w\" sizes=\"auto, (max-width: 1024px) 100vw, 1024px\" \/><button\n\t\t\tclass=\"lightbox-trigger\"\n\t\t\ttype=\"button\"\n\t\t\taria-haspopup=\"dialog\"\n\t\t\taria-label=\"Agrandar\"\n\t\t\tdata-wp-init=\"callbacks.initTriggerButton\"\n\t\t\tdata-wp-on--click=\"actions.showLightbox\"\n\t\t\tdata-wp-style--right=\"state.imageButtonRight\"\n\t\t\tdata-wp-style--top=\"state.imageButtonTop\"\n\t\t>\n\t\t\t<svg xmlns=\"http:\/\/www.w3.org\/2000\/svg\" width=\"12\" height=\"12\" fill=\"none\" viewBox=\"0 0 12 12\">\n\t\t\t\t<path fill=\"#fff\" d=\"M2 0a2 2 0 0 0-2 2v2h1.5V2a.5.5 0 0 1 .5-.5h2V0H2Zm2 10.5H2a.5.5 0 0 1-.5-.5V8H0v2a2 2 0 0 0 2 2h2v-1.5ZM8 12v-1.5h2a.5.5 0 0 0 .5-.5V8H12v2a2 2 0 0 1-2 2H8Zm2-12a2 2 0 0 1 2 2v2h-1.5V2a.5.5 0 0 0-.5-.5H8V0h2Z\" \/>\n\t\t\t<\/svg>\n\t\t<\/button><\/figure>\n\n\n\n<figure data-wp-context=\"{&quot;imageId&quot;:&quot;69f1c7185558d&quot;}\" data-wp-interactive=\"core\/image\" data-wp-key=\"69f1c7185558d\" class=\"wp-block-image size-large wp-lightbox-container\"><img loading=\"lazy\" decoding=\"async\" width=\"1024\" height=\"978\" data-wp-class--hide=\"state.isContentHidden\" data-wp-class--show=\"state.isContentVisible\" data-wp-init=\"callbacks.setButtonStyles\" data-wp-on--click=\"actions.showLightbox\" data-wp-on--load=\"callbacks.setButtonStyles\" data-wp-on-window--resize=\"callbacks.setButtonStyles\" data-id=\"5641\" src=\"https:\/\/federacionandaluzadecomunidades.org\/fac\/wp-content\/uploads\/2026\/03\/DSC04694-1024x978.jpg\" alt=\"\" class=\"wp-image-5641\" srcset=\"https:\/\/federacionandaluzadecomunidades.org\/fac\/wp-content\/uploads\/2026\/03\/DSC04694-1024x978.jpg 1024w, https:\/\/federacionandaluzadecomunidades.org\/fac\/wp-content\/uploads\/2026\/03\/DSC04694-300x287.jpg 300w, https:\/\/federacionandaluzadecomunidades.org\/fac\/wp-content\/uploads\/2026\/03\/DSC04694-768x733.jpg 768w, https:\/\/federacionandaluzadecomunidades.org\/fac\/wp-content\/uploads\/2026\/03\/DSC04694-254x243.jpg 254w, https:\/\/federacionandaluzadecomunidades.org\/fac\/wp-content\/uploads\/2026\/03\/DSC04694-210x201.jpg 210w, https:\/\/federacionandaluzadecomunidades.org\/fac\/wp-content\/uploads\/2026\/03\/DSC04694-330x315.jpg 330w, https:\/\/federacionandaluzadecomunidades.org\/fac\/wp-content\/uploads\/2026\/03\/DSC04694-250x239.jpg 250w, https:\/\/federacionandaluzadecomunidades.org\/fac\/wp-content\/uploads\/2026\/03\/DSC04694-600x573.jpg 600w, https:\/\/federacionandaluzadecomunidades.org\/fac\/wp-content\/uploads\/2026\/03\/DSC04694.jpg 1200w\" sizes=\"auto, (max-width: 1024px) 100vw, 1024px\" \/><button\n\t\t\tclass=\"lightbox-trigger\"\n\t\t\ttype=\"button\"\n\t\t\taria-haspopup=\"dialog\"\n\t\t\taria-label=\"Agrandar\"\n\t\t\tdata-wp-init=\"callbacks.initTriggerButton\"\n\t\t\tdata-wp-on--click=\"actions.showLightbox\"\n\t\t\tdata-wp-style--right=\"state.imageButtonRight\"\n\t\t\tdata-wp-style--top=\"state.imageButtonTop\"\n\t\t>\n\t\t\t<svg xmlns=\"http:\/\/www.w3.org\/2000\/svg\" width=\"12\" height=\"12\" fill=\"none\" viewBox=\"0 0 12 12\">\n\t\t\t\t<path fill=\"#fff\" d=\"M2 0a2 2 0 0 0-2 2v2h1.5V2a.5.5 0 0 1 .5-.5h2V0H2Zm2 10.5H2a.5.5 0 0 1-.5-.5V8H0v2a2 2 0 0 0 2 2h2v-1.5ZM8 12v-1.5h2a.5.5 0 0 0 .5-.5V8H12v2a2 2 0 0 1-2 2H8Zm2-12a2 2 0 0 1 2 2v2h-1.5V2a.5.5 0 0 0-.5-.5H8V0h2Z\" \/>\n\t\t\t<\/svg>\n\t\t<\/button><\/figure>\n\n\n\n<figure data-wp-context=\"{&quot;imageId&quot;:&quot;69f1c71855a2c&quot;}\" data-wp-interactive=\"core\/image\" data-wp-key=\"69f1c71855a2c\" class=\"wp-block-image size-large wp-lightbox-container\"><img loading=\"lazy\" decoding=\"async\" width=\"1024\" height=\"683\" data-wp-class--hide=\"state.isContentHidden\" data-wp-class--show=\"state.isContentVisible\" data-wp-init=\"callbacks.setButtonStyles\" data-wp-on--click=\"actions.showLightbox\" data-wp-on--load=\"callbacks.setButtonStyles\" data-wp-on-window--resize=\"callbacks.setButtonStyles\" data-id=\"5614\" src=\"https:\/\/federacionandaluzadecomunidades.org\/fac\/wp-content\/uploads\/2026\/03\/DSC04765-1024x683.jpg\" alt=\"\" class=\"wp-image-5614\" srcset=\"https:\/\/federacionandaluzadecomunidades.org\/fac\/wp-content\/uploads\/2026\/03\/DSC04765-1024x683.jpg 1024w, https:\/\/federacionandaluzadecomunidades.org\/fac\/wp-content\/uploads\/2026\/03\/DSC04765-300x200.jpg 300w, https:\/\/federacionandaluzadecomunidades.org\/fac\/wp-content\/uploads\/2026\/03\/DSC04765-768x512.jpg 768w, https:\/\/federacionandaluzadecomunidades.org\/fac\/wp-content\/uploads\/2026\/03\/DSC04765-254x169.jpg 254w, https:\/\/federacionandaluzadecomunidades.org\/fac\/wp-content\/uploads\/2026\/03\/DSC04765-210x140.jpg 210w, https:\/\/federacionandaluzadecomunidades.org\/fac\/wp-content\/uploads\/2026\/03\/DSC04765-330x220.jpg 330w, https:\/\/federacionandaluzadecomunidades.org\/fac\/wp-content\/uploads\/2026\/03\/DSC04765-250x167.jpg 250w, https:\/\/federacionandaluzadecomunidades.org\/fac\/wp-content\/uploads\/2026\/03\/DSC04765-600x400.jpg 600w, https:\/\/federacionandaluzadecomunidades.org\/fac\/wp-content\/uploads\/2026\/03\/DSC04765.jpg 1200w\" sizes=\"auto, (max-width: 1024px) 100vw, 1024px\" \/><button\n\t\t\tclass=\"lightbox-trigger\"\n\t\t\ttype=\"button\"\n\t\t\taria-haspopup=\"dialog\"\n\t\t\taria-label=\"Agrandar\"\n\t\t\tdata-wp-init=\"callbacks.initTriggerButton\"\n\t\t\tdata-wp-on--click=\"actions.showLightbox\"\n\t\t\tdata-wp-style--right=\"state.imageButtonRight\"\n\t\t\tdata-wp-style--top=\"state.imageButtonTop\"\n\t\t>\n\t\t\t<svg xmlns=\"http:\/\/www.w3.org\/2000\/svg\" width=\"12\" height=\"12\" fill=\"none\" viewBox=\"0 0 12 12\">\n\t\t\t\t<path fill=\"#fff\" d=\"M2 0a2 2 0 0 0-2 2v2h1.5V2a.5.5 0 0 1 .5-.5h2V0H2Zm2 10.5H2a.5.5 0 0 1-.5-.5V8H0v2a2 2 0 0 0 2 2h2v-1.5ZM8 12v-1.5h2a.5.5 0 0 0 .5-.5V8H12v2a2 2 0 0 1-2 2H8Zm2-12a2 2 0 0 1 2 2v2h-1.5V2a.5.5 0 0 0-.5-.5H8V0h2Z\" \/>\n\t\t\t<\/svg>\n\t\t<\/button><\/figure>\n\n\n\n<figure data-wp-context=\"{&quot;imageId&quot;:&quot;69f1c7185602c&quot;}\" data-wp-interactive=\"core\/image\" data-wp-key=\"69f1c7185602c\" class=\"wp-block-image size-large wp-lightbox-container\"><img loading=\"lazy\" decoding=\"async\" width=\"1024\" height=\"683\" data-wp-class--hide=\"state.isContentHidden\" data-wp-class--show=\"state.isContentVisible\" data-wp-init=\"callbacks.setButtonStyles\" data-wp-on--click=\"actions.showLightbox\" data-wp-on--load=\"callbacks.setButtonStyles\" data-wp-on-window--resize=\"callbacks.setButtonStyles\" data-id=\"5608\" src=\"https:\/\/federacionandaluzadecomunidades.org\/fac\/wp-content\/uploads\/2026\/03\/DSC04755-1024x683.jpg\" alt=\"\" class=\"wp-image-5608\" srcset=\"https:\/\/federacionandaluzadecomunidades.org\/fac\/wp-content\/uploads\/2026\/03\/DSC04755-1024x683.jpg 1024w, https:\/\/federacionandaluzadecomunidades.org\/fac\/wp-content\/uploads\/2026\/03\/DSC04755-300x200.jpg 300w, https:\/\/federacionandaluzadecomunidades.org\/fac\/wp-content\/uploads\/2026\/03\/DSC04755-768x512.jpg 768w, https:\/\/federacionandaluzadecomunidades.org\/fac\/wp-content\/uploads\/2026\/03\/DSC04755-254x169.jpg 254w, https:\/\/federacionandaluzadecomunidades.org\/fac\/wp-content\/uploads\/2026\/03\/DSC04755-210x140.jpg 210w, https:\/\/federacionandaluzadecomunidades.org\/fac\/wp-content\/uploads\/2026\/03\/DSC04755-330x220.jpg 330w, https:\/\/federacionandaluzadecomunidades.org\/fac\/wp-content\/uploads\/2026\/03\/DSC04755-250x167.jpg 250w, https:\/\/federacionandaluzadecomunidades.org\/fac\/wp-content\/uploads\/2026\/03\/DSC04755-600x400.jpg 600w, https:\/\/federacionandaluzadecomunidades.org\/fac\/wp-content\/uploads\/2026\/03\/DSC04755.jpg 1200w\" sizes=\"auto, (max-width: 1024px) 100vw, 1024px\" \/><button\n\t\t\tclass=\"lightbox-trigger\"\n\t\t\ttype=\"button\"\n\t\t\taria-haspopup=\"dialog\"\n\t\t\taria-label=\"Agrandar\"\n\t\t\tdata-wp-init=\"callbacks.initTriggerButton\"\n\t\t\tdata-wp-on--click=\"actions.showLightbox\"\n\t\t\tdata-wp-style--right=\"state.imageButtonRight\"\n\t\t\tdata-wp-style--top=\"state.imageButtonTop\"\n\t\t>\n\t\t\t<svg xmlns=\"http:\/\/www.w3.org\/2000\/svg\" width=\"12\" height=\"12\" fill=\"none\" viewBox=\"0 0 12 12\">\n\t\t\t\t<path fill=\"#fff\" d=\"M2 0a2 2 0 0 0-2 2v2h1.5V2a.5.5 0 0 1 .5-.5h2V0H2Zm2 10.5H2a.5.5 0 0 1-.5-.5V8H0v2a2 2 0 0 0 2 2h2v-1.5ZM8 12v-1.5h2a.5.5 0 0 0 .5-.5V8H12v2a2 2 0 0 1-2 2H8Zm2-12a2 2 0 0 1 2 2v2h-1.5V2a.5.5 0 0 0-.5-.5H8V0h2Z\" \/>\n\t\t\t<\/svg>\n\t\t<\/button><\/figure>\n\n\n\n<figure data-wp-context=\"{&quot;imageId&quot;:&quot;69f1c71856593&quot;}\" data-wp-interactive=\"core\/image\" data-wp-key=\"69f1c71856593\" class=\"wp-block-image size-large wp-lightbox-container\"><img loading=\"lazy\" decoding=\"async\" width=\"1024\" height=\"683\" data-wp-class--hide=\"state.isContentHidden\" data-wp-class--show=\"state.isContentVisible\" data-wp-init=\"callbacks.setButtonStyles\" data-wp-on--click=\"actions.showLightbox\" data-wp-on--load=\"callbacks.setButtonStyles\" data-wp-on-window--resize=\"callbacks.setButtonStyles\" data-id=\"5611\" src=\"https:\/\/federacionandaluzadecomunidades.org\/fac\/wp-content\/uploads\/2026\/03\/DSC04761-1024x683.jpg\" alt=\"\" class=\"wp-image-5611\" srcset=\"https:\/\/federacionandaluzadecomunidades.org\/fac\/wp-content\/uploads\/2026\/03\/DSC04761-1024x683.jpg 1024w, https:\/\/federacionandaluzadecomunidades.org\/fac\/wp-content\/uploads\/2026\/03\/DSC04761-300x200.jpg 300w, https:\/\/federacionandaluzadecomunidades.org\/fac\/wp-content\/uploads\/2026\/03\/DSC04761-768x512.jpg 768w, https:\/\/federacionandaluzadecomunidades.org\/fac\/wp-content\/uploads\/2026\/03\/DSC04761-254x169.jpg 254w, https:\/\/federacionandaluzadecomunidades.org\/fac\/wp-content\/uploads\/2026\/03\/DSC04761-210x140.jpg 210w, https:\/\/federacionandaluzadecomunidades.org\/fac\/wp-content\/uploads\/2026\/03\/DSC04761-330x220.jpg 330w, https:\/\/federacionandaluzadecomunidades.org\/fac\/wp-content\/uploads\/2026\/03\/DSC04761-250x167.jpg 250w, https:\/\/federacionandaluzadecomunidades.org\/fac\/wp-content\/uploads\/2026\/03\/DSC04761-600x400.jpg 600w, https:\/\/federacionandaluzadecomunidades.org\/fac\/wp-content\/uploads\/2026\/03\/DSC04761.jpg 1200w\" sizes=\"auto, (max-width: 1024px) 100vw, 1024px\" \/><button\n\t\t\tclass=\"lightbox-trigger\"\n\t\t\ttype=\"button\"\n\t\t\taria-haspopup=\"dialog\"\n\t\t\taria-label=\"Agrandar\"\n\t\t\tdata-wp-init=\"callbacks.initTriggerButton\"\n\t\t\tdata-wp-on--click=\"actions.showLightbox\"\n\t\t\tdata-wp-style--right=\"state.imageButtonRight\"\n\t\t\tdata-wp-style--top=\"state.imageButtonTop\"\n\t\t>\n\t\t\t<svg xmlns=\"http:\/\/www.w3.org\/2000\/svg\" width=\"12\" height=\"12\" fill=\"none\" viewBox=\"0 0 12 12\">\n\t\t\t\t<path fill=\"#fff\" d=\"M2 0a2 2 0 0 0-2 2v2h1.5V2a.5.5 0 0 1 .5-.5h2V0H2Zm2 10.5H2a.5.5 0 0 1-.5-.5V8H0v2a2 2 0 0 0 2 2h2v-1.5ZM8 12v-1.5h2a.5.5 0 0 0 .5-.5V8H12v2a2 2 0 0 1-2 2H8Zm2-12a2 2 0 0 1 2 2v2h-1.5V2a.5.5 0 0 0-.5-.5H8V0h2Z\" \/>\n\t\t\t<\/svg>\n\t\t<\/button><\/figure>\n\n\n\n<figure data-wp-context=\"{&quot;imageId&quot;:&quot;69f1c71856b67&quot;}\" data-wp-interactive=\"core\/image\" data-wp-key=\"69f1c71856b67\" class=\"wp-block-image size-large wp-lightbox-container\"><img loading=\"lazy\" decoding=\"async\" width=\"1024\" height=\"683\" data-wp-class--hide=\"state.isContentHidden\" data-wp-class--show=\"state.isContentVisible\" data-wp-init=\"callbacks.setButtonStyles\" data-wp-on--click=\"actions.showLightbox\" data-wp-on--load=\"callbacks.setButtonStyles\" data-wp-on-window--resize=\"callbacks.setButtonStyles\" data-id=\"5612\" src=\"https:\/\/federacionandaluzadecomunidades.org\/fac\/wp-content\/uploads\/2026\/03\/DSC04762-1024x683.jpg\" alt=\"\" class=\"wp-image-5612\" srcset=\"https:\/\/federacionandaluzadecomunidades.org\/fac\/wp-content\/uploads\/2026\/03\/DSC04762-1024x683.jpg 1024w, https:\/\/federacionandaluzadecomunidades.org\/fac\/wp-content\/uploads\/2026\/03\/DSC04762-300x200.jpg 300w, https:\/\/federacionandaluzadecomunidades.org\/fac\/wp-content\/uploads\/2026\/03\/DSC04762-768x512.jpg 768w, https:\/\/federacionandaluzadecomunidades.org\/fac\/wp-content\/uploads\/2026\/03\/DSC04762-254x169.jpg 254w, https:\/\/federacionandaluzadecomunidades.org\/fac\/wp-content\/uploads\/2026\/03\/DSC04762-210x140.jpg 210w, https:\/\/federacionandaluzadecomunidades.org\/fac\/wp-content\/uploads\/2026\/03\/DSC04762-330x220.jpg 330w, https:\/\/federacionandaluzadecomunidades.org\/fac\/wp-content\/uploads\/2026\/03\/DSC04762-250x167.jpg 250w, https:\/\/federacionandaluzadecomunidades.org\/fac\/wp-content\/uploads\/2026\/03\/DSC04762-600x400.jpg 600w, https:\/\/federacionandaluzadecomunidades.org\/fac\/wp-content\/uploads\/2026\/03\/DSC04762.jpg 1200w\" sizes=\"auto, (max-width: 1024px) 100vw, 1024px\" \/><button\n\t\t\tclass=\"lightbox-trigger\"\n\t\t\ttype=\"button\"\n\t\t\taria-haspopup=\"dialog\"\n\t\t\taria-label=\"Agrandar\"\n\t\t\tdata-wp-init=\"callbacks.initTriggerButton\"\n\t\t\tdata-wp-on--click=\"actions.showLightbox\"\n\t\t\tdata-wp-style--right=\"state.imageButtonRight\"\n\t\t\tdata-wp-style--top=\"state.imageButtonTop\"\n\t\t>\n\t\t\t<svg xmlns=\"http:\/\/www.w3.org\/2000\/svg\" width=\"12\" height=\"12\" fill=\"none\" viewBox=\"0 0 12 12\">\n\t\t\t\t<path fill=\"#fff\" d=\"M2 0a2 2 0 0 0-2 2v2h1.5V2a.5.5 0 0 1 .5-.5h2V0H2Zm2 10.5H2a.5.5 0 0 1-.5-.5V8H0v2a2 2 0 0 0 2 2h2v-1.5ZM8 12v-1.5h2a.5.5 0 0 0 .5-.5V8H12v2a2 2 0 0 1-2 2H8Zm2-12a2 2 0 0 1 2 2v2h-1.5V2a.5.5 0 0 0-.5-.5H8V0h2Z\" \/>\n\t\t\t<\/svg>\n\t\t<\/button><\/figure>\n<\/figure>\n","protected":false},"excerpt":{"rendered":"<p>Este pasado s\u00e1bado, 28 de febrero, celebramos el D\u00eda de Andaluc\u00eda con una gran participaci\u00f3n de p\u00fablico en el Centro Castellano y Leon\u00e9s de Catalunya en Barcelona. Contamos con la [&hellip;]<\/p>\n","protected":false},"author":1,"featured_media":5616,"comment_status":"closed","ping_status":"open","sticky":false,"template":"","format":"standard","meta":{"_uag_custom_page_level_css":"","footnotes":""},"categories":[42],"tags":[],"class_list":["post-5594","post","type-post","status-publish","format-standard","has-post-thumbnail","hentry","category-actualidad"],"featured_image_src":"https:\/\/federacionandaluzadecomunidades.org\/fac\/wp-content\/uploads\/2026\/03\/DSC04743-600x400.jpg","featured_image_src_square":"https:\/\/federacionandaluzadecomunidades.org\/fac\/wp-content\/uploads\/2026\/03\/DSC04743-600x600.jpg","author_info":{"display_name":"FAC","author_link":"https:\/\/federacionandaluzadecomunidades.org\/fac\/author\/fac\/"},"uagb_featured_image_src":{"full":["https:\/\/federacionandaluzadecomunidades.org\/fac\/wp-content\/uploads\/2026\/03\/DSC04743.jpg",1200,800,false],"thumbnail":["https:\/\/federacionandaluzadecomunidades.org\/fac\/wp-content\/uploads\/2026\/03\/DSC04743-150x150.jpg",150,150,true],"medium":["https:\/\/federacionandaluzadecomunidades.org\/fac\/wp-content\/uploads\/2026\/03\/DSC04743-300x200.jpg",300,200,true],"medium_large":["https:\/\/federacionandaluzadecomunidades.org\/fac\/wp-content\/uploads\/2026\/03\/DSC04743-768x512.jpg",768,512,true],"large":["https:\/\/federacionandaluzadecomunidades.org\/fac\/wp-content\/uploads\/2026\/03\/DSC04743-1024x683.jpg",900,600,true],"1536x1536":["https:\/\/federacionandaluzadecomunidades.org\/fac\/wp-content\/uploads\/2026\/03\/DSC04743.jpg",1200,800,false],"2048x2048":["https:\/\/federacionandaluzadecomunidades.org\/fac\/wp-content\/uploads\/2026\/03\/DSC04743.jpg",1200,800,false],"blog":["https:\/\/federacionandaluzadecomunidades.org\/fac\/wp-content\/uploads\/2026\/03\/DSC04743-800x400.jpg",800,400,true],"onethird-large":["https:\/\/federacionandaluzadecomunidades.org\/fac\/wp-content\/uploads\/2026\/03\/DSC04743-351x321.jpg",351,321,true],"onethird-medium":["https:\/\/federacionandaluzadecomunidades.org\/fac\/wp-content\/uploads\/2026\/03\/DSC04743-440x380.jpg",440,380,true],"onethird-small":["https:\/\/federacionandaluzadecomunidades.org\/fac\/wp-content\/uploads\/2026\/03\/DSC04743-210x150.jpg",210,150,true],"onethird-thumb":["https:\/\/federacionandaluzadecomunidades.org\/fac\/wp-content\/uploads\/2026\/03\/DSC04743-280x220.jpg",280,220,true],"oneforth-large":["https:\/\/federacionandaluzadecomunidades.org\/fac\/wp-content\/uploads\/2026\/03\/DSC04743-254x169.jpg",254,169,true],"oneforth-medium":["https:\/\/federacionandaluzadecomunidades.org\/fac\/wp-content\/uploads\/2026\/03\/DSC04743-210x140.jpg",210,140,true],"oneforth-small":["https:\/\/federacionandaluzadecomunidades.org\/fac\/wp-content\/uploads\/2026\/03\/DSC04743-330x220.jpg",330,220,true],"oneforth-thumb":["https:\/\/federacionandaluzadecomunidades.org\/fac\/wp-content\/uploads\/2026\/03\/DSC04743-250x167.jpg",250,167,true],"ab-block-post-grid-landscape":["https:\/\/federacionandaluzadecomunidades.org\/fac\/wp-content\/uploads\/2026\/03\/DSC04743-600x400.jpg",600,400,true],"ab-block-post-grid-square":["https:\/\/federacionandaluzadecomunidades.org\/fac\/wp-content\/uploads\/2026\/03\/DSC04743-600x600.jpg",600,600,true],"gb-block-post-grid-landscape":["https:\/\/federacionandaluzadecomunidades.org\/fac\/wp-content\/uploads\/2026\/03\/DSC04743-600x400.jpg",600,400,true],"gb-block-post-grid-square":["https:\/\/federacionandaluzadecomunidades.org\/fac\/wp-content\/uploads\/2026\/03\/DSC04743-600x600.jpg",600,600,true],"woocommerce_thumbnail":["https:\/\/federacionandaluzadecomunidades.org\/fac\/wp-content\/uploads\/2026\/03\/DSC04743-300x300.jpg",300,300,true],"woocommerce_single":["https:\/\/federacionandaluzadecomunidades.org\/fac\/wp-content\/uploads\/2026\/03\/DSC04743-600x400.jpg",600,400,true],"woocommerce_gallery_thumbnail":["https:\/\/federacionandaluzadecomunidades.org\/fac\/wp-content\/uploads\/2026\/03\/DSC04743-100x100.jpg",100,100,true]},"uagb_author_info":{"display_name":"FAC","author_link":"https:\/\/federacionandaluzadecomunidades.org\/fac\/author\/fac\/"},"uagb_comment_info":0,"uagb_excerpt":"Este pasado s\u00e1bado, 28 de febrero, celebramos el D\u00eda de Andaluc\u00eda con una gran participaci\u00f3n de p\u00fablico en el Centro Castellano y Leon\u00e9s de Catalunya en Barcelona. Contamos con la [&hellip;]","_links":{"self":[{"href":"https:\/\/federacionandaluzadecomunidades.org\/fac\/wp-json\/wp\/v2\/posts\/5594","targetHints":{"allow":["GET"]}}],"collection":[{"href":"https:\/\/federacionandaluzadecomunidades.org\/fac\/wp-json\/wp\/v2\/posts"}],"about":[{"href":"https:\/\/federacionandaluzadecomunidades.org\/fac\/wp-json\/wp\/v2\/types\/post"}],"author":[{"embeddable":true,"href":"https:\/\/federacionandaluzadecomunidades.org\/fac\/wp-json\/wp\/v2\/users\/1"}],"replies":[{"embeddable":true,"href":"https:\/\/federacionandaluzadecomunidades.org\/fac\/wp-json\/wp\/v2\/comments?post=5594"}],"version-history":[{"count":4,"href":"https:\/\/federacionandaluzadecomunidades.org\/fac\/wp-json\/wp\/v2\/posts\/5594\/revisions"}],"predecessor-version":[{"id":5692,"href":"https:\/\/federacionandaluzadecomunidades.org\/fac\/wp-json\/wp\/v2\/posts\/5594\/revisions\/5692"}],"wp:featuredmedia":[{"embeddable":true,"href":"https:\/\/federacionandaluzadecomunidades.org\/fac\/wp-json\/wp\/v2\/media\/5616"}],"wp:attachment":[{"href":"https:\/\/federacionandaluzadecomunidades.org\/fac\/wp-json\/wp\/v2\/media?parent=5594"}],"wp:term":[{"taxonomy":"category","embeddable":true,"href":"https:\/\/federacionandaluzadecomunidades.org\/fac\/wp-json\/wp\/v2\/categories?post=5594"},{"taxonomy":"post_tag","embeddable":true,"href":"https:\/\/federacionandaluzadecomunidades.org\/fac\/wp-json\/wp\/v2\/tags?post=5594"}],"curies":[{"name":"wp","href":"https:\/\/api.w.org\/{rel}","templated":true}]}}