{"id":5693,"date":"2026-03-06T09:55:47","date_gmt":"2026-03-06T09:55:47","guid":{"rendered":"https:\/\/federacionandaluzadecomunidades.org\/fac\/?p=5693"},"modified":"2026-03-06T11:43:26","modified_gmt":"2026-03-06T11:43:26","slug":"dia-internacional-de-la-mujer","status":"publish","type":"post","link":"https:\/\/federacionandaluzadecomunidades.org\/fac\/2026\/03\/06\/dia-internacional-de-la-mujer\/","title":{"rendered":"D\u00eda Internacional de la Mujer"},"content":{"rendered":"\n<p>La Federaci\u00f3n Andaluza de Comunidades FAC, cada a\u00f1o viene desarrollando el D\u00eda Internacional de la Mujer, actividad itinerante en las distintas localidades donde la Federaci\u00f3n tiene entidades registradas. Este a\u00f1o 2026, lo celebraremos en el Auditori Mar\u00eda Feliu (Avenida Nemesi Valls, 35, Barber\u00e1 del Vall\u00e9s (Barcelona). El desarrollo de esta actividad tiene como fin recordar que la igualdad de g\u00e9nero no es solo un sue\u00f1o, sino un objetivo que debemos perseguir juntos.<br>Daremos comienzo a las 18,30 horas con la conferencia LA IGUALTAT: MEM\u00d2RIA, PRESENT I FUTUR, a cargo de la Honorable Sra. Eva Menor Cantador Consellera d\u2019Igualtat i Feminisme de la Generalitat de Catalunya. Para finalizar el acto disfrutaremos del espect\u00e1culo \u201cRENACER\u201d con la Compa\u00f1\u00eda Flamenca M\u00f3nica Novillo.<br>Como es sabido por todos, el D\u00eda Internacional de la Mujer, se celebra para recordar la lucha de las mujeres por sus derechos y la igualdad de g\u00e9nero. Esta fecha fue establecida en honor a las manifestaciones de mujeres trabajadoras que exig\u00edan mejores condiciones laborales y el derecho al voto. Desde entonces, se ha convertido en un s\u00edmbolo de la lucha por la igualdad y la justicia, y es un momento para reflexionar sobre los desaf\u00edos que a\u00fan persisten en la b\u00fasqueda de la igualdad de g\u00e9nero en la sociedad, durante siglos, las mujeres han luchado por la igualdad de derechos, oportunidades y libertad, derribando obst\u00e1culos y se han negado a retroceder, audaces, organizadas, protestando y exigiendo la toma de medidas.<br>Hoy el mundo es m\u00e1s igualitario para las mujeres y ni\u00f1as, pero el progreso sigue siendo muy lento.<\/p>\n","protected":false},"excerpt":{"rendered":"<p>La Federaci\u00f3n Andaluza de Comunidades FAC, cada a\u00f1o viene desarrollando el D\u00eda Internacional de la Mujer, actividad itinerante en las distintas localidades donde la Federaci\u00f3n tiene entidades registradas. Este a\u00f1o [&hellip;]<\/p>\n","protected":false},"author":1,"featured_media":5694,"comment_status":"closed","ping_status":"open","sticky":false,"template":"","format":"standard","meta":{"_uag_custom_page_level_css":"","footnotes":""},"categories":[42],"tags":[],"class_list":["post-5693","post","type-post","status-publish","format-standard","has-post-thumbnail","hentry","category-actualidad"],"featured_image_src":"https:\/\/federacionandaluzadecomunidades.org\/fac\/wp-content\/uploads\/2026\/03\/carteldiainternacionalddelamujer_2026-600x400.jpg","featured_image_src_square":"https:\/\/federacionandaluzadecomunidades.org\/fac\/wp-content\/uploads\/2026\/03\/carteldiainternacionalddelamujer_2026-600x600.jpg","author_info":{"display_name":"FAC","author_link":"https:\/\/federacionandaluzadecomunidades.org\/fac\/author\/fac\/"},"uagb_featured_image_src":{"full":["https:\/\/federacionandaluzadecomunidades.org\/fac\/wp-content\/uploads\/2026\/03\/carteldiainternacionalddelamujer_2026.jpg",837,1200,false],"thumbnail":["https:\/\/federacionandaluzadecomunidades.org\/fac\/wp-content\/uploads\/2026\/03\/carteldiainternacionalddelamujer_2026-150x150.jpg",150,150,true],"medium":["https:\/\/federacionandaluzadecomunidades.org\/fac\/wp-content\/uploads\/2026\/03\/carteldiainternacionalddelamujer_2026-209x300.jpg",209,300,true],"medium_large":["https:\/\/federacionandaluzadecomunidades.org\/fac\/wp-content\/uploads\/2026\/03\/carteldiainternacionalddelamujer_2026-768x1101.jpg",768,1101,true],"large":["https:\/\/federacionandaluzadecomunidades.org\/fac\/wp-content\/uploads\/2026\/03\/carteldiainternacionalddelamujer_2026-714x1024.jpg",714,1024,true],"1536x1536":["https:\/\/federacionandaluzadecomunidades.org\/fac\/wp-content\/uploads\/2026\/03\/carteldiainternacionalddelamujer_2026.jpg",837,1200,false],"2048x2048":["https:\/\/federacionandaluzadecomunidades.org\/fac\/wp-content\/uploads\/2026\/03\/carteldiainternacionalddelamujer_2026.jpg",837,1200,false],"blog":["https:\/\/federacionandaluzadecomunidades.org\/fac\/wp-content\/uploads\/2026\/03\/carteldiainternacionalddelamujer_2026-800x400.jpg",800,400,true],"onethird-large":["https:\/\/federacionandaluzadecomunidades.org\/fac\/wp-content\/uploads\/2026\/03\/carteldiainternacionalddelamujer_2026-351x321.jpg",351,321,true],"onethird-medium":["https:\/\/federacionandaluzadecomunidades.org\/fac\/wp-content\/uploads\/2026\/03\/carteldiainternacionalddelamujer_2026-440x380.jpg",440,380,true],"onethird-small":["https:\/\/federacionandaluzadecomunidades.org\/fac\/wp-content\/uploads\/2026\/03\/carteldiainternacionalddelamujer_2026-210x150.jpg",210,150,true],"onethird-thumb":["https:\/\/federacionandaluzadecomunidades.org\/fac\/wp-content\/uploads\/2026\/03\/carteldiainternacionalddelamujer_2026-280x220.jpg",280,220,true],"oneforth-large":["https:\/\/federacionandaluzadecomunidades.org\/fac\/wp-content\/uploads\/2026\/03\/carteldiainternacionalddelamujer_2026-254x364.jpg",254,364,true],"oneforth-medium":["https:\/\/federacionandaluzadecomunidades.org\/fac\/wp-content\/uploads\/2026\/03\/carteldiainternacionalddelamujer_2026-210x301.jpg",210,301,true],"oneforth-small":["https:\/\/federacionandaluzadecomunidades.org\/fac\/wp-content\/uploads\/2026\/03\/carteldiainternacionalddelamujer_2026-330x473.jpg",330,473,true],"oneforth-thumb":["https:\/\/federacionandaluzadecomunidades.org\/fac\/wp-content\/uploads\/2026\/03\/carteldiainternacionalddelamujer_2026-250x358.jpg",250,358,true],"ab-block-post-grid-landscape":["https:\/\/federacionandaluzadecomunidades.org\/fac\/wp-content\/uploads\/2026\/03\/carteldiainternacionalddelamujer_2026-600x400.jpg",600,400,true],"ab-block-post-grid-square":["https:\/\/federacionandaluzadecomunidades.org\/fac\/wp-content\/uploads\/2026\/03\/carteldiainternacionalddelamujer_2026-600x600.jpg",600,600,true],"gb-block-post-grid-landscape":["https:\/\/federacionandaluzadecomunidades.org\/fac\/wp-content\/uploads\/2026\/03\/carteldiainternacionalddelamujer_2026-600x400.jpg",600,400,true],"gb-block-post-grid-square":["https:\/\/federacionandaluzadecomunidades.org\/fac\/wp-content\/uploads\/2026\/03\/carteldiainternacionalddelamujer_2026-600x600.jpg",600,600,true],"woocommerce_thumbnail":["https:\/\/federacionandaluzadecomunidades.org\/fac\/wp-content\/uploads\/2026\/03\/carteldiainternacionalddelamujer_2026-300x300.jpg",300,300,true],"woocommerce_single":["https:\/\/federacionandaluzadecomunidades.org\/fac\/wp-content\/uploads\/2026\/03\/carteldiainternacionalddelamujer_2026-600x860.jpg",600,860,true],"woocommerce_gallery_thumbnail":["https:\/\/federacionandaluzadecomunidades.org\/fac\/wp-content\/uploads\/2026\/03\/carteldiainternacionalddelamujer_2026-100x100.jpg",100,100,true]},"uagb_author_info":{"display_name":"FAC","author_link":"https:\/\/federacionandaluzadecomunidades.org\/fac\/author\/fac\/"},"uagb_comment_info":0,"uagb_excerpt":"La Federaci\u00f3n Andaluza de Comunidades FAC, cada a\u00f1o viene desarrollando el D\u00eda Internacional de la Mujer, actividad itinerante en las distintas localidades donde la Federaci\u00f3n tiene entidades registradas. Este a\u00f1o [&hellip;]","_links":{"self":[{"href":"https:\/\/federacionandaluzadecomunidades.org\/fac\/wp-json\/wp\/v2\/posts\/5693","targetHints":{"allow":["GET"]}}],"collection":[{"href":"https:\/\/federacionandaluzadecomunidades.org\/fac\/wp-json\/wp\/v2\/posts"}],"about":[{"href":"https:\/\/federacionandaluzadecomunidades.org\/fac\/wp-json\/wp\/v2\/types\/post"}],"author":[{"embeddable":true,"href":"https:\/\/federacionandaluzadecomunidades.org\/fac\/wp-json\/wp\/v2\/users\/1"}],"replies":[{"embeddable":true,"href":"https:\/\/federacionandaluzadecomunidades.org\/fac\/wp-json\/wp\/v2\/comments?post=5693"}],"version-history":[{"count":3,"href":"https:\/\/federacionandaluzadecomunidades.org\/fac\/wp-json\/wp\/v2\/posts\/5693\/revisions"}],"predecessor-version":[{"id":5700,"href":"https:\/\/federacionandaluzadecomunidades.org\/fac\/wp-json\/wp\/v2\/posts\/5693\/revisions\/5700"}],"wp:featuredmedia":[{"embeddable":true,"href":"https:\/\/federacionandaluzadecomunidades.org\/fac\/wp-json\/wp\/v2\/media\/5694"}],"wp:attachment":[{"href":"https:\/\/federacionandaluzadecomunidades.org\/fac\/wp-json\/wp\/v2\/media?parent=5693"}],"wp:term":[{"taxonomy":"category","embeddable":true,"href":"https:\/\/federacionandaluzadecomunidades.org\/fac\/wp-json\/wp\/v2\/categories?post=5693"},{"taxonomy":"post_tag","embeddable":true,"href":"https:\/\/federacionandaluzadecomunidades.org\/fac\/wp-json\/wp\/v2\/tags?post=5693"}],"curies":[{"name":"wp","href":"https:\/\/api.w.org\/{rel}","templated":true}]}}