{"id":5701,"date":"2026-03-11T10:37:23","date_gmt":"2026-03-11T10:37:23","guid":{"rendered":"https:\/\/federacionandaluzadecomunidades.org\/fac\/?p=5701"},"modified":"2026-03-11T10:37:24","modified_gmt":"2026-03-11T10:37:24","slug":"reunion-con-la-delegada-de-la-junta-de-andalucia-en-catalunya","status":"publish","type":"post","link":"https:\/\/federacionandaluzadecomunidades.org\/fac\/2026\/03\/11\/reunion-con-la-delegada-de-la-junta-de-andalucia-en-catalunya\/","title":{"rendered":"Reuni\u00f3n con la delegada de la Junta de Andaluc\u00eda en Catalunya"},"content":{"rendered":"\n<p>Este pasado s\u00e1bado, 7 de marzo, la sede de la Hermandad Nuestra Se\u00f1ora del Roc\u00edo Los Romeros de Barcelona acogi\u00f3 una nueva reuni\u00f3n de trabajo con las entidades de la delegada de la Junta de Andaluc\u00eda en Catalunya, Concepci\u00f3 Veray, elegida en el cargo a finales del a\u00f1o pasado. En el acto estuvieron presentes los presidentes de las tres federaciones de entidades culturales andaluzas m\u00e1s importantes en tierras catalanas, Emilio de la Chica, de la Federaci\u00f3n Andaluza de Comunidades (FAC), Daniel Salinero, de la Federaci\u00f3n de Entidades Culturales Andaluzas en Catalu\u00f1a (FECAC), y Laura Toche, de la Federaci\u00f3n Coordinadora de Entidades Andaluzas de L&#8217;Hospitalet. Tambi\u00e9n estuvieron presentes los vocales de Catalunya en el Consejo de Comunidades Andaluzas, Nuria Do\u00f1oro y Paco Carmona.<\/p>\n\n\n\n<figure class=\"wp-block-gallery has-nested-images columns-default is-cropped wp-block-gallery-1 is-layout-flex wp-block-gallery-is-layout-flex\">\n<figure data-wp-context=\"{&quot;imageId&quot;:&quot;69f1ee4436d04&quot;}\" data-wp-interactive=\"core\/image\" data-wp-key=\"69f1ee4436d04\" class=\"wp-block-image size-large wp-lightbox-container\"><img loading=\"lazy\" decoding=\"async\" width=\"1024\" height=\"834\" data-wp-class--hide=\"state.isContentHidden\" data-wp-class--show=\"state.isContentVisible\" data-wp-init=\"callbacks.setButtonStyles\" data-wp-on--click=\"actions.showLightbox\" data-wp-on--load=\"callbacks.setButtonStyles\" data-wp-on-window--resize=\"callbacks.setButtonStyles\" data-id=\"5703\" src=\"https:\/\/federacionandaluzadecomunidades.org\/fac\/wp-content\/uploads\/2026\/03\/reunionConcepcionentidades04-1024x834.jpg\" alt=\"\" class=\"wp-image-5703\" srcset=\"https:\/\/federacionandaluzadecomunidades.org\/fac\/wp-content\/uploads\/2026\/03\/reunionConcepcionentidades04-1024x834.jpg 1024w, https:\/\/federacionandaluzadecomunidades.org\/fac\/wp-content\/uploads\/2026\/03\/reunionConcepcionentidades04-300x244.jpg 300w, https:\/\/federacionandaluzadecomunidades.org\/fac\/wp-content\/uploads\/2026\/03\/reunionConcepcionentidades04-768x625.jpg 768w, https:\/\/federacionandaluzadecomunidades.org\/fac\/wp-content\/uploads\/2026\/03\/reunionConcepcionentidades04-254x207.jpg 254w, https:\/\/federacionandaluzadecomunidades.org\/fac\/wp-content\/uploads\/2026\/03\/reunionConcepcionentidades04-210x171.jpg 210w, https:\/\/federacionandaluzadecomunidades.org\/fac\/wp-content\/uploads\/2026\/03\/reunionConcepcionentidades04-330x269.jpg 330w, https:\/\/federacionandaluzadecomunidades.org\/fac\/wp-content\/uploads\/2026\/03\/reunionConcepcionentidades04-250x204.jpg 250w, https:\/\/federacionandaluzadecomunidades.org\/fac\/wp-content\/uploads\/2026\/03\/reunionConcepcionentidades04-600x489.jpg 600w, https:\/\/federacionandaluzadecomunidades.org\/fac\/wp-content\/uploads\/2026\/03\/reunionConcepcionentidades04.jpg 1200w\" sizes=\"auto, (max-width: 1024px) 100vw, 1024px\" \/><button\n\t\t\tclass=\"lightbox-trigger\"\n\t\t\ttype=\"button\"\n\t\t\taria-haspopup=\"dialog\"\n\t\t\taria-label=\"Agrandar\"\n\t\t\tdata-wp-init=\"callbacks.initTriggerButton\"\n\t\t\tdata-wp-on--click=\"actions.showLightbox\"\n\t\t\tdata-wp-style--right=\"state.imageButtonRight\"\n\t\t\tdata-wp-style--top=\"state.imageButtonTop\"\n\t\t>\n\t\t\t<svg xmlns=\"http:\/\/www.w3.org\/2000\/svg\" width=\"12\" height=\"12\" fill=\"none\" viewBox=\"0 0 12 12\">\n\t\t\t\t<path fill=\"#fff\" d=\"M2 0a2 2 0 0 0-2 2v2h1.5V2a.5.5 0 0 1 .5-.5h2V0H2Zm2 10.5H2a.5.5 0 0 1-.5-.5V8H0v2a2 2 0 0 0 2 2h2v-1.5ZM8 12v-1.5h2a.5.5 0 0 0 .5-.5V8H12v2a2 2 0 0 1-2 2H8Zm2-12a2 2 0 0 1 2 2v2h-1.5V2a.5.5 0 0 0-.5-.5H8V0h2Z\" \/>\n\t\t\t<\/svg>\n\t\t<\/button><\/figure>\n\n\n\n<figure data-wp-context=\"{&quot;imageId&quot;:&quot;69f1ee44375b8&quot;}\" data-wp-interactive=\"core\/image\" data-wp-key=\"69f1ee44375b8\" class=\"wp-block-image size-large wp-lightbox-container\"><img loading=\"lazy\" decoding=\"async\" width=\"1024\" height=\"577\" data-wp-class--hide=\"state.isContentHidden\" data-wp-class--show=\"state.isContentVisible\" data-wp-init=\"callbacks.setButtonStyles\" data-wp-on--click=\"actions.showLightbox\" data-wp-on--load=\"callbacks.setButtonStyles\" data-wp-on-window--resize=\"callbacks.setButtonStyles\" data-id=\"5704\" src=\"https:\/\/federacionandaluzadecomunidades.org\/fac\/wp-content\/uploads\/2026\/03\/reunionConcepcionentidades03-1024x577.jpg\" alt=\"\" class=\"wp-image-5704\" srcset=\"https:\/\/federacionandaluzadecomunidades.org\/fac\/wp-content\/uploads\/2026\/03\/reunionConcepcionentidades03-1024x577.jpg 1024w, https:\/\/federacionandaluzadecomunidades.org\/fac\/wp-content\/uploads\/2026\/03\/reunionConcepcionentidades03-300x169.jpg 300w, https:\/\/federacionandaluzadecomunidades.org\/fac\/wp-content\/uploads\/2026\/03\/reunionConcepcionentidades03-768x433.jpg 768w, https:\/\/federacionandaluzadecomunidades.org\/fac\/wp-content\/uploads\/2026\/03\/reunionConcepcionentidades03-254x143.jpg 254w, https:\/\/federacionandaluzadecomunidades.org\/fac\/wp-content\/uploads\/2026\/03\/reunionConcepcionentidades03-210x118.jpg 210w, https:\/\/federacionandaluzadecomunidades.org\/fac\/wp-content\/uploads\/2026\/03\/reunionConcepcionentidades03-330x186.jpg 330w, https:\/\/federacionandaluzadecomunidades.org\/fac\/wp-content\/uploads\/2026\/03\/reunionConcepcionentidades03-250x141.jpg 250w, https:\/\/federacionandaluzadecomunidades.org\/fac\/wp-content\/uploads\/2026\/03\/reunionConcepcionentidades03-600x338.jpg 600w, https:\/\/federacionandaluzadecomunidades.org\/fac\/wp-content\/uploads\/2026\/03\/reunionConcepcionentidades03.jpg 1200w\" sizes=\"auto, (max-width: 1024px) 100vw, 1024px\" \/><button\n\t\t\tclass=\"lightbox-trigger\"\n\t\t\ttype=\"button\"\n\t\t\taria-haspopup=\"dialog\"\n\t\t\taria-label=\"Agrandar\"\n\t\t\tdata-wp-init=\"callbacks.initTriggerButton\"\n\t\t\tdata-wp-on--click=\"actions.showLightbox\"\n\t\t\tdata-wp-style--right=\"state.imageButtonRight\"\n\t\t\tdata-wp-style--top=\"state.imageButtonTop\"\n\t\t>\n\t\t\t<svg xmlns=\"http:\/\/www.w3.org\/2000\/svg\" width=\"12\" height=\"12\" fill=\"none\" viewBox=\"0 0 12 12\">\n\t\t\t\t<path fill=\"#fff\" d=\"M2 0a2 2 0 0 0-2 2v2h1.5V2a.5.5 0 0 1 .5-.5h2V0H2Zm2 10.5H2a.5.5 0 0 1-.5-.5V8H0v2a2 2 0 0 0 2 2h2v-1.5ZM8 12v-1.5h2a.5.5 0 0 0 .5-.5V8H12v2a2 2 0 0 1-2 2H8Zm2-12a2 2 0 0 1 2 2v2h-1.5V2a.5.5 0 0 0-.5-.5H8V0h2Z\" \/>\n\t\t\t<\/svg>\n\t\t<\/button><\/figure>\n\n\n\n<figure data-wp-context=\"{&quot;imageId&quot;:&quot;69f1ee4437be2&quot;}\" data-wp-interactive=\"core\/image\" data-wp-key=\"69f1ee4437be2\" class=\"wp-block-image size-large wp-lightbox-container\"><img loading=\"lazy\" decoding=\"async\" width=\"1024\" height=\"593\" data-wp-class--hide=\"state.isContentHidden\" data-wp-class--show=\"state.isContentVisible\" data-wp-init=\"callbacks.setButtonStyles\" data-wp-on--click=\"actions.showLightbox\" data-wp-on--load=\"callbacks.setButtonStyles\" data-wp-on-window--resize=\"callbacks.setButtonStyles\" data-id=\"5705\" src=\"https:\/\/federacionandaluzadecomunidades.org\/fac\/wp-content\/uploads\/2026\/03\/reunionConcepcionentidades02-1024x593.jpg\" alt=\"\" class=\"wp-image-5705\" srcset=\"https:\/\/federacionandaluzadecomunidades.org\/fac\/wp-content\/uploads\/2026\/03\/reunionConcepcionentidades02-1024x593.jpg 1024w, https:\/\/federacionandaluzadecomunidades.org\/fac\/wp-content\/uploads\/2026\/03\/reunionConcepcionentidades02-300x174.jpg 300w, https:\/\/federacionandaluzadecomunidades.org\/fac\/wp-content\/uploads\/2026\/03\/reunionConcepcionentidades02-768x445.jpg 768w, https:\/\/federacionandaluzadecomunidades.org\/fac\/wp-content\/uploads\/2026\/03\/reunionConcepcionentidades02-254x147.jpg 254w, https:\/\/federacionandaluzadecomunidades.org\/fac\/wp-content\/uploads\/2026\/03\/reunionConcepcionentidades02-210x122.jpg 210w, https:\/\/federacionandaluzadecomunidades.org\/fac\/wp-content\/uploads\/2026\/03\/reunionConcepcionentidades02-330x191.jpg 330w, https:\/\/federacionandaluzadecomunidades.org\/fac\/wp-content\/uploads\/2026\/03\/reunionConcepcionentidades02-250x145.jpg 250w, https:\/\/federacionandaluzadecomunidades.org\/fac\/wp-content\/uploads\/2026\/03\/reunionConcepcionentidades02-600x348.jpg 600w, https:\/\/federacionandaluzadecomunidades.org\/fac\/wp-content\/uploads\/2026\/03\/reunionConcepcionentidades02.jpg 1200w\" sizes=\"auto, (max-width: 1024px) 100vw, 1024px\" \/><button\n\t\t\tclass=\"lightbox-trigger\"\n\t\t\ttype=\"button\"\n\t\t\taria-haspopup=\"dialog\"\n\t\t\taria-label=\"Agrandar\"\n\t\t\tdata-wp-init=\"callbacks.initTriggerButton\"\n\t\t\tdata-wp-on--click=\"actions.showLightbox\"\n\t\t\tdata-wp-style--right=\"state.imageButtonRight\"\n\t\t\tdata-wp-style--top=\"state.imageButtonTop\"\n\t\t>\n\t\t\t<svg xmlns=\"http:\/\/www.w3.org\/2000\/svg\" width=\"12\" height=\"12\" fill=\"none\" viewBox=\"0 0 12 12\">\n\t\t\t\t<path fill=\"#fff\" d=\"M2 0a2 2 0 0 0-2 2v2h1.5V2a.5.5 0 0 1 .5-.5h2V0H2Zm2 10.5H2a.5.5 0 0 1-.5-.5V8H0v2a2 2 0 0 0 2 2h2v-1.5ZM8 12v-1.5h2a.5.5 0 0 0 .5-.5V8H12v2a2 2 0 0 1-2 2H8Zm2-12a2 2 0 0 1 2 2v2h-1.5V2a.5.5 0 0 0-.5-.5H8V0h2Z\" \/>\n\t\t\t<\/svg>\n\t\t<\/button><\/figure>\n\n\n\n<figure data-wp-context=\"{&quot;imageId&quot;:&quot;69f1ee4438206&quot;}\" data-wp-interactive=\"core\/image\" data-wp-key=\"69f1ee4438206\" class=\"wp-block-image size-large wp-lightbox-container\"><img loading=\"lazy\" decoding=\"async\" width=\"1024\" height=\"577\" data-wp-class--hide=\"state.isContentHidden\" data-wp-class--show=\"state.isContentVisible\" data-wp-init=\"callbacks.setButtonStyles\" data-wp-on--click=\"actions.showLightbox\" data-wp-on--load=\"callbacks.setButtonStyles\" data-wp-on-window--resize=\"callbacks.setButtonStyles\" data-id=\"5706\" src=\"https:\/\/federacionandaluzadecomunidades.org\/fac\/wp-content\/uploads\/2026\/03\/reunionConcepcionentidades01-1024x577.jpg\" alt=\"\" class=\"wp-image-5706\" srcset=\"https:\/\/federacionandaluzadecomunidades.org\/fac\/wp-content\/uploads\/2026\/03\/reunionConcepcionentidades01-1024x577.jpg 1024w, https:\/\/federacionandaluzadecomunidades.org\/fac\/wp-content\/uploads\/2026\/03\/reunionConcepcionentidades01-300x169.jpg 300w, https:\/\/federacionandaluzadecomunidades.org\/fac\/wp-content\/uploads\/2026\/03\/reunionConcepcionentidades01-768x433.jpg 768w, https:\/\/federacionandaluzadecomunidades.org\/fac\/wp-content\/uploads\/2026\/03\/reunionConcepcionentidades01-254x143.jpg 254w, https:\/\/federacionandaluzadecomunidades.org\/fac\/wp-content\/uploads\/2026\/03\/reunionConcepcionentidades01-210x118.jpg 210w, https:\/\/federacionandaluzadecomunidades.org\/fac\/wp-content\/uploads\/2026\/03\/reunionConcepcionentidades01-330x186.jpg 330w, https:\/\/federacionandaluzadecomunidades.org\/fac\/wp-content\/uploads\/2026\/03\/reunionConcepcionentidades01-250x141.jpg 250w, https:\/\/federacionandaluzadecomunidades.org\/fac\/wp-content\/uploads\/2026\/03\/reunionConcepcionentidades01-600x338.jpg 600w, https:\/\/federacionandaluzadecomunidades.org\/fac\/wp-content\/uploads\/2026\/03\/reunionConcepcionentidades01.jpg 1200w\" sizes=\"auto, (max-width: 1024px) 100vw, 1024px\" \/><button\n\t\t\tclass=\"lightbox-trigger\"\n\t\t\ttype=\"button\"\n\t\t\taria-haspopup=\"dialog\"\n\t\t\taria-label=\"Agrandar\"\n\t\t\tdata-wp-init=\"callbacks.initTriggerButton\"\n\t\t\tdata-wp-on--click=\"actions.showLightbox\"\n\t\t\tdata-wp-style--right=\"state.imageButtonRight\"\n\t\t\tdata-wp-style--top=\"state.imageButtonTop\"\n\t\t>\n\t\t\t<svg xmlns=\"http:\/\/www.w3.org\/2000\/svg\" width=\"12\" height=\"12\" fill=\"none\" viewBox=\"0 0 12 12\">\n\t\t\t\t<path fill=\"#fff\" d=\"M2 0a2 2 0 0 0-2 2v2h1.5V2a.5.5 0 0 1 .5-.5h2V0H2Zm2 10.5H2a.5.5 0 0 1-.5-.5V8H0v2a2 2 0 0 0 2 2h2v-1.5ZM8 12v-1.5h2a.5.5 0 0 0 .5-.5V8H12v2a2 2 0 0 1-2 2H8Zm2-12a2 2 0 0 1 2 2v2h-1.5V2a.5.5 0 0 0-.5-.5H8V0h2Z\" \/>\n\t\t\t<\/svg>\n\t\t<\/button><\/figure>\n<\/figure>\n","protected":false},"excerpt":{"rendered":"<p>Este pasado s\u00e1bado, 7 de marzo, la sede de la Hermandad Nuestra Se\u00f1ora del Roc\u00edo Los Romeros de Barcelona acogi\u00f3 una nueva reuni\u00f3n de trabajo con las entidades de la [&hellip;]<\/p>\n","protected":false},"author":1,"featured_media":5702,"comment_status":"closed","ping_status":"open","sticky":false,"template":"","format":"standard","meta":{"_uag_custom_page_level_css":"","footnotes":""},"categories":[42],"tags":[],"class_list":["post-5701","post","type-post","status-publish","format-standard","has-post-thumbnail","hentry","category-actualidad"],"featured_image_src":"https:\/\/federacionandaluzadecomunidades.org\/fac\/wp-content\/uploads\/2026\/03\/reunionConcepcionentidades05FAC-600x400.jpg","featured_image_src_square":"https:\/\/federacionandaluzadecomunidades.org\/fac\/wp-content\/uploads\/2026\/03\/reunionConcepcionentidades05FAC-600x600.jpg","author_info":{"display_name":"FAC","author_link":"https:\/\/federacionandaluzadecomunidades.org\/fac\/author\/fac\/"},"uagb_featured_image_src":{"full":["https:\/\/federacionandaluzadecomunidades.org\/fac\/wp-content\/uploads\/2026\/03\/reunionConcepcionentidades05FAC.jpg",1200,859,false],"thumbnail":["https:\/\/federacionandaluzadecomunidades.org\/fac\/wp-content\/uploads\/2026\/03\/reunionConcepcionentidades05FAC-150x150.jpg",150,150,true],"medium":["https:\/\/federacionandaluzadecomunidades.org\/fac\/wp-content\/uploads\/2026\/03\/reunionConcepcionentidades05FAC-300x215.jpg",300,215,true],"medium_large":["https:\/\/federacionandaluzadecomunidades.org\/fac\/wp-content\/uploads\/2026\/03\/reunionConcepcionentidades05FAC-768x550.jpg",768,550,true],"large":["https:\/\/federacionandaluzadecomunidades.org\/fac\/wp-content\/uploads\/2026\/03\/reunionConcepcionentidades05FAC-1024x733.jpg",900,644,true],"1536x1536":["https:\/\/federacionandaluzadecomunidades.org\/fac\/wp-content\/uploads\/2026\/03\/reunionConcepcionentidades05FAC.jpg",1200,859,false],"2048x2048":["https:\/\/federacionandaluzadecomunidades.org\/fac\/wp-content\/uploads\/2026\/03\/reunionConcepcionentidades05FAC.jpg",1200,859,false],"blog":["https:\/\/federacionandaluzadecomunidades.org\/fac\/wp-content\/uploads\/2026\/03\/reunionConcepcionentidades05FAC-800x400.jpg",800,400,true],"onethird-large":["https:\/\/federacionandaluzadecomunidades.org\/fac\/wp-content\/uploads\/2026\/03\/reunionConcepcionentidades05FAC-351x321.jpg",351,321,true],"onethird-medium":["https:\/\/federacionandaluzadecomunidades.org\/fac\/wp-content\/uploads\/2026\/03\/reunionConcepcionentidades05FAC-440x380.jpg",440,380,true],"onethird-small":["https:\/\/federacionandaluzadecomunidades.org\/fac\/wp-content\/uploads\/2026\/03\/reunionConcepcionentidades05FAC-210x150.jpg",210,150,true],"onethird-thumb":["https:\/\/federacionandaluzadecomunidades.org\/fac\/wp-content\/uploads\/2026\/03\/reunionConcepcionentidades05FAC-280x220.jpg",280,220,true],"oneforth-large":["https:\/\/federacionandaluzadecomunidades.org\/fac\/wp-content\/uploads\/2026\/03\/reunionConcepcionentidades05FAC-254x182.jpg",254,182,true],"oneforth-medium":["https:\/\/federacionandaluzadecomunidades.org\/fac\/wp-content\/uploads\/2026\/03\/reunionConcepcionentidades05FAC-210x150.jpg",210,150,true],"oneforth-small":["https:\/\/federacionandaluzadecomunidades.org\/fac\/wp-content\/uploads\/2026\/03\/reunionConcepcionentidades05FAC-330x236.jpg",330,236,true],"oneforth-thumb":["https:\/\/federacionandaluzadecomunidades.org\/fac\/wp-content\/uploads\/2026\/03\/reunionConcepcionentidades05FAC-250x179.jpg",250,179,true],"ab-block-post-grid-landscape":["https:\/\/federacionandaluzadecomunidades.org\/fac\/wp-content\/uploads\/2026\/03\/reunionConcepcionentidades05FAC-600x400.jpg",600,400,true],"ab-block-post-grid-square":["https:\/\/federacionandaluzadecomunidades.org\/fac\/wp-content\/uploads\/2026\/03\/reunionConcepcionentidades05FAC-600x600.jpg",600,600,true],"gb-block-post-grid-landscape":["https:\/\/federacionandaluzadecomunidades.org\/fac\/wp-content\/uploads\/2026\/03\/reunionConcepcionentidades05FAC-600x400.jpg",600,400,true],"gb-block-post-grid-square":["https:\/\/federacionandaluzadecomunidades.org\/fac\/wp-content\/uploads\/2026\/03\/reunionConcepcionentidades05FAC-600x600.jpg",600,600,true],"woocommerce_thumbnail":["https:\/\/federacionandaluzadecomunidades.org\/fac\/wp-content\/uploads\/2026\/03\/reunionConcepcionentidades05FAC-300x300.jpg",300,300,true],"woocommerce_single":["https:\/\/federacionandaluzadecomunidades.org\/fac\/wp-content\/uploads\/2026\/03\/reunionConcepcionentidades05FAC-600x430.jpg",600,430,true],"woocommerce_gallery_thumbnail":["https:\/\/federacionandaluzadecomunidades.org\/fac\/wp-content\/uploads\/2026\/03\/reunionConcepcionentidades05FAC-100x100.jpg",100,100,true]},"uagb_author_info":{"display_name":"FAC","author_link":"https:\/\/federacionandaluzadecomunidades.org\/fac\/author\/fac\/"},"uagb_comment_info":0,"uagb_excerpt":"Este pasado s\u00e1bado, 7 de marzo, la sede de la Hermandad Nuestra Se\u00f1ora del Roc\u00edo Los Romeros de Barcelona acogi\u00f3 una nueva reuni\u00f3n de trabajo con las entidades de la [&hellip;]","_links":{"self":[{"href":"https:\/\/federacionandaluzadecomunidades.org\/fac\/wp-json\/wp\/v2\/posts\/5701","targetHints":{"allow":["GET"]}}],"collection":[{"href":"https:\/\/federacionandaluzadecomunidades.org\/fac\/wp-json\/wp\/v2\/posts"}],"about":[{"href":"https:\/\/federacionandaluzadecomunidades.org\/fac\/wp-json\/wp\/v2\/types\/post"}],"author":[{"embeddable":true,"href":"https:\/\/federacionandaluzadecomunidades.org\/fac\/wp-json\/wp\/v2\/users\/1"}],"replies":[{"embeddable":true,"href":"https:\/\/federacionandaluzadecomunidades.org\/fac\/wp-json\/wp\/v2\/comments?post=5701"}],"version-history":[{"count":1,"href":"https:\/\/federacionandaluzadecomunidades.org\/fac\/wp-json\/wp\/v2\/posts\/5701\/revisions"}],"predecessor-version":[{"id":5707,"href":"https:\/\/federacionandaluzadecomunidades.org\/fac\/wp-json\/wp\/v2\/posts\/5701\/revisions\/5707"}],"wp:featuredmedia":[{"embeddable":true,"href":"https:\/\/federacionandaluzadecomunidades.org\/fac\/wp-json\/wp\/v2\/media\/5702"}],"wp:attachment":[{"href":"https:\/\/federacionandaluzadecomunidades.org\/fac\/wp-json\/wp\/v2\/media?parent=5701"}],"wp:term":[{"taxonomy":"category","embeddable":true,"href":"https:\/\/federacionandaluzadecomunidades.org\/fac\/wp-json\/wp\/v2\/categories?post=5701"},{"taxonomy":"post_tag","embeddable":true,"href":"https:\/\/federacionandaluzadecomunidades.org\/fac\/wp-json\/wp\/v2\/tags?post=5701"}],"curies":[{"name":"wp","href":"https:\/\/api.w.org\/{rel}","templated":true}]}}